{"id":12661,"date":"2022-09-05T13:00:00","date_gmt":"2022-09-05T11:00:00","guid":{"rendered":"https:\/\/www.ptop.wloclawek.pl\/home\/?p=12661"},"modified":"2022-09-16T15:30:07","modified_gmt":"2022-09-16T13:30:07","slug":"25-lat-hospicjum-domowego-we-wloclawku","status":"publish","type":"post","link":"https:\/\/www.ptop.wloclawek.pl\/home\/25-lat-hospicjum-domowego-we-wloclawku\/","title":{"rendered":"25 lat Hospicjum domowego we W\u0142oc\u0142awku"},"content":{"rendered":"\t\t<div data-elementor-type=\"wp-post\" data-elementor-id=\"12661\" class=\"elementor elementor-12661\" data-elementor-settings=\"{&quot;ha_cmc_init_switcher&quot;:&quot;no&quot;}\" data-elementor-post-type=\"post\">\n\t\t\t\t\t\t<section class=\"elementor-section elementor-top-section elementor-element elementor-element-40cafd2 elementor-section-full_width elementor-section-height-default elementor-section-height-default\" data-id=\"40cafd2\" data-element_type=\"section\" data-e-type=\"section\" data-settings=\"{&quot;_ha_eqh_enable&quot;:false}\">\n\t\t\t\t\t\t<div class=\"elementor-container elementor-column-gap-default\">\n\t\t\t\t\t<div class=\"elementor-column elementor-col-100 elementor-top-column elementor-element elementor-element-58d916a\" data-id=\"58d916a\" data-element_type=\"column\" data-e-type=\"column\" data-settings=\"{&quot;background_background&quot;:&quot;classic&quot;}\">\n\t\t\t<div class=\"elementor-widget-wrap elementor-element-populated\">\n\t\t\t\t\t\t<div class=\"elementor-element elementor-element-7940b8c ha-has-bg-overlay elementor-widget elementor-widget-text-editor\" data-id=\"7940b8c\" data-element_type=\"widget\" data-e-type=\"widget\" data-widget_type=\"text-editor.default\">\n\t\t\t\t<div class=\"elementor-widget-container\">\n\t\t\t\t\t\t\t\t\t<p style=\"text-align: justify;\"><span style=\"color: #008000;\">Stowarzyszenie Polskie Towarzystwo Opieki Paliatywnej Oddzia\u0142 we W\u0142oc\u0142awku<\/span> serdecznie zaprasza Mieszka\u0144c\u00f3w W\u0142oc\u0142awka i regionu na obchody Jubileuszu 25-lecia Hospicjum domowego we W\u0142oc\u0142awku.<\/p><p><span style=\"font-weight: 400;\">Program Jubileuszu obejmuje:<\/span><\/p><ul><li style=\"font-weight: 400; text-align: justify;\" aria-level=\"1\"><span style=\"font-weight: 400;\">panel wyk\u0142adowy lekarzy onkolog\u00f3w i radioterapeut\u00f3w;<\/span><\/li><li style=\"font-weight: 400; text-align: justify;\" aria-level=\"1\"><span style=\"font-weight: 400;\">poradnictwo dietetyczne oraz promowanie zdrowych nawyk\u00f3w \u017cywieniowych w leczeniu onkologicznym;<\/span><\/li><li style=\"font-weight: 400; text-align: justify;\" aria-level=\"1\"><span style=\"font-weight: 400;\">poradnictwo fizjoterapeutyczne wraz z pokazem prawid\u0142owego u\u017cytkowania sprz\u0119tu rehabilitacyjnego;<\/span><\/li><li style=\"font-weight: 400; text-align: justify;\" aria-level=\"1\">panel wyk\u0142adowy z zakresu roli psychologii w leczeniu Pacjent\u00f3w onkologicznych;<\/li><li style=\"font-weight: 400; text-align: justify;\" aria-level=\"1\"><span style=\"font-weight: 400;\">wsparcie edukacyjne dla opiekun\u00f3w;<\/span><\/li><li style=\"font-weight: 400; text-align: justify;\" aria-level=\"1\"><span style=\"font-weight: 400;\">panel wyk\u0142adowy z zakresu profilaktyki chor\u00f3b nowotworowych;<\/span><\/li><li style=\"text-align: justify;\" aria-level=\"1\">koncert muzyki filmowej w wykonaniu Zespo\u0142u muzycznego &#8222;Camerata Vladislavia&#8221;.<\/li><\/ul><p><img fetchpriority=\"high\" decoding=\"async\" class=\"size-medium wp-image-12656 alignleft\" src=\"https:\/\/www.ptop.wloclawek.pl\/home\/wp-content\/uploads\/2022\/09\/Ola-Zelazo-300x300.png\" alt=\"\" width=\"300\" height=\"300\" srcset=\"https:\/\/www.ptop.wloclawek.pl\/home\/wp-content\/uploads\/2022\/09\/Ola-Zelazo-300x300.png 300w, https:\/\/www.ptop.wloclawek.pl\/home\/wp-content\/uploads\/2022\/09\/Ola-Zelazo-150x150.png 150w, https:\/\/www.ptop.wloclawek.pl\/home\/wp-content\/uploads\/2022\/09\/Ola-Zelazo.png 500w\" sizes=\"(max-width: 300px) 100vw, 300px\" \/><\/p><p style=\"text-align: justify;\">Go\u015bciem specjalnym wydarzenia b\u0119dzie Pani Ola \u017belazo &#8211; znana blogerka, youtuberka, instruktorka fitness, zrzeszaj\u0105ca kilkaset tysi\u0119cy subskrybent\u00f3w na swoich <a href=\"https:\/\/www.facebook.com\/joga.zelazo\">profilach spo\u0142eczno\u015bciowych<\/a> i <a href=\"https:\/\/www.youtube.com\/c\/Ola%C5%BBelazo\">YouTube, <\/a>a na co dzie\u0144 mama, \u017cona i pani domu. Swoje programy treningowe kieruje zar\u00f3wno do senior\u00f3w, m\u0142odych matek, os\u00f3b nieaktywnych oraz tych, poszukuj\u0105cych czego\u015b wi\u0119cej ni\u017c tylko zrzucenia nadmiaru kilogram\u00f3w.<\/p><p style=\"text-align: right;\"><span style=\"color: #008000;\"><strong>Zach\u0119camy do uczestnictwa!<\/strong><\/span><\/p><p style=\"text-align: justify;\"><span style=\"color: #ff0000;\"><a style=\"color: #ff0000;\" href=\"https:\/\/www.ptop.wloclawek.pl\/home\/jubileusz-25-lecia\/\">Oficjalna strona Jubileuszu 25-lecia Hospicjum domowego we W\u0142oc\u0142awku.<\/a><\/span><\/p><h6 style=\"text-align: justify;\">Zainteresowanych udzia\u0142em w \u0107wiczeniach z Ol\u0105 \u017belazo prosimy o potwierdzenie uczestnictwa za po\u015brednictwem <a href=\"https:\/\/www.ptop.wloclawek.pl\/home\/kontakt\/\">formularza kontaktowego<\/a>, znajduj\u0105cego si\u0119 w zak\u0142adce <a href=\"https:\/\/www.ptop.wloclawek.pl\/home\/kontakt\/\">KONTAKT<\/a>.<\/h6>\t\t\t\t\t\t\t\t<\/div>\n\t\t\t\t<\/div>\n\t\t\t\t\t<\/div>\n\t\t<\/div>\n\t\t\t\t\t<\/div>\n\t\t<\/section>\n\t\t\t\t<\/div>\n\t\t","protected":false},"excerpt":{"rendered":"<p>Stowarzyszenie Polskie Towarzystwo Opieki Paliatywnej Oddzia\u0142 we W\u0142oc\u0142awku serdecznie zaprasza Mieszka\u0144c\u00f3w W\u0142oc\u0142awka i regionu na obchody Jubileuszu 25-lecia Hospicjum domowego we W\u0142oc\u0142awku. Program Jubileuszu obejmuje: panel wyk\u0142adowy lekarzy onkolog\u00f3w i radioterapeut\u00f3w; poradnictwo dietetyczne oraz promowanie zdrowych nawyk\u00f3w \u017cywieniowych w leczeniu onkologicznym; poradnictwo fizjoterapeutyczne wraz z pokazem prawid\u0142owego u\u017cytkowania sprz\u0119tu rehabilitacyjnego; panel wyk\u0142adowy z zakresu roli [&hellip;]<\/p>\n","protected":false},"author":1,"featured_media":12758,"comment_status":"closed","ping_status":"closed","sticky":false,"template":"","format":"standard","meta":{"ocean_post_layout":"","ocean_both_sidebars_style":"","ocean_both_sidebars_content_width":0,"ocean_both_sidebars_sidebars_width":0,"ocean_sidebar":"0","ocean_second_sidebar":"0","ocean_disable_margins":"on","ocean_add_body_class":"","ocean_shortcode_before_top_bar":"","ocean_shortcode_after_top_bar":"","ocean_shortcode_before_header":"","ocean_shortcode_after_header":"","ocean_has_shortcode":"","ocean_shortcode_after_title":"","ocean_shortcode_before_footer_widgets":"","ocean_shortcode_after_footer_widgets":"","ocean_shortcode_before_footer_bottom":"","ocean_shortcode_after_footer_bottom":"","ocean_display_top_bar":"off","ocean_display_header":"off","ocean_header_style":"","ocean_center_header_left_menu":"0","ocean_custom_header_template":"0","ocean_custom_logo":0,"ocean_custom_retina_logo":0,"ocean_custom_logo_max_width":0,"ocean_custom_logo_tablet_max_width":0,"ocean_custom_logo_mobile_max_width":0,"ocean_custom_logo_max_height":0,"ocean_custom_logo_tablet_max_height":0,"ocean_custom_logo_mobile_max_height":0,"ocean_header_custom_menu":"0","ocean_menu_typo_font_family":"0","ocean_menu_typo_font_subset":"","ocean_menu_typo_font_size":0,"ocean_menu_typo_font_size_tablet":0,"ocean_menu_typo_font_size_mobile":0,"ocean_menu_typo_font_size_unit":"px","ocean_menu_typo_font_weight":"","ocean_menu_typo_font_weight_tablet":"","ocean_menu_typo_font_weight_mobile":"","ocean_menu_typo_transform":"","ocean_menu_typo_transform_tablet":"","ocean_menu_typo_transform_mobile":"","ocean_menu_typo_line_height":0,"ocean_menu_typo_line_height_tablet":0,"ocean_menu_typo_line_height_mobile":0,"ocean_menu_typo_line_height_unit":"","ocean_menu_typo_spacing":0,"ocean_menu_typo_spacing_tablet":0,"ocean_menu_typo_spacing_mobile":0,"ocean_menu_typo_spacing_unit":"","ocean_menu_link_color":"","ocean_menu_link_color_hover":"","ocean_menu_link_color_active":"","ocean_menu_link_background":"","ocean_menu_link_hover_background":"","ocean_menu_link_active_background":"","ocean_menu_social_links_bg":"","ocean_menu_social_hover_links_bg":"","ocean_menu_social_links_color":"","ocean_menu_social_hover_links_color":"","ocean_disable_title":"on","ocean_disable_heading":"default","ocean_post_title":"","ocean_post_subheading":"","ocean_post_title_style":"","ocean_post_title_background_color":"","ocean_post_title_background":0,"ocean_post_title_bg_image_position":"","ocean_post_title_bg_image_attachment":"","ocean_post_title_bg_image_repeat":"","ocean_post_title_bg_image_size":"","ocean_post_title_height":0,"ocean_post_title_bg_overlay":0.5,"ocean_post_title_bg_overlay_color":"","ocean_disable_breadcrumbs":"off","ocean_breadcrumbs_color":"","ocean_breadcrumbs_separator_color":"","ocean_breadcrumbs_links_color":"","ocean_breadcrumbs_links_hover_color":"","ocean_display_footer_widgets":"off","ocean_display_footer_bottom":"off","ocean_custom_footer_template":"0","ocean_post_oembed":"","ocean_post_self_hosted_media":"","ocean_post_video_embed":"","ocean_link_format":"","ocean_link_format_target":"self","ocean_quote_format":"","ocean_quote_format_link":"post","ocean_gallery_link_images":"off","ocean_gallery_id":[],"footnotes":""},"categories":[29],"tags":[],"class_list":["post-12661","post","type-post","status-publish","format-standard","has-post-thumbnail","hentry","category-aktualnosci","entry","has-media"],"_links":{"self":[{"href":"https:\/\/www.ptop.wloclawek.pl\/home\/wp-json\/wp\/v2\/posts\/12661","targetHints":{"allow":["GET"]}}],"collection":[{"href":"https:\/\/www.ptop.wloclawek.pl\/home\/wp-json\/wp\/v2\/posts"}],"about":[{"href":"https:\/\/www.ptop.wloclawek.pl\/home\/wp-json\/wp\/v2\/types\/post"}],"author":[{"embeddable":true,"href":"https:\/\/www.ptop.wloclawek.pl\/home\/wp-json\/wp\/v2\/users\/1"}],"replies":[{"embeddable":true,"href":"https:\/\/www.ptop.wloclawek.pl\/home\/wp-json\/wp\/v2\/comments?post=12661"}],"version-history":[{"count":18,"href":"https:\/\/www.ptop.wloclawek.pl\/home\/wp-json\/wp\/v2\/posts\/12661\/revisions"}],"predecessor-version":[{"id":12743,"href":"https:\/\/www.ptop.wloclawek.pl\/home\/wp-json\/wp\/v2\/posts\/12661\/revisions\/12743"}],"wp:featuredmedia":[{"embeddable":true,"href":"https:\/\/www.ptop.wloclawek.pl\/home\/wp-json\/wp\/v2\/media\/12758"}],"wp:attachment":[{"href":"https:\/\/www.ptop.wloclawek.pl\/home\/wp-json\/wp\/v2\/media?parent=12661"}],"wp:term":[{"taxonomy":"category","embeddable":true,"href":"https:\/\/www.ptop.wloclawek.pl\/home\/wp-json\/wp\/v2\/categories?post=12661"},{"taxonomy":"post_tag","embeddable":true,"href":"https:\/\/www.ptop.wloclawek.pl\/home\/wp-json\/wp\/v2\/tags?post=12661"}],"curies":[{"name":"wp","href":"https:\/\/api.w.org\/{rel}","templated":true}]}}